{"id":1306,"date":"2026-01-12T01:21:45","date_gmt":"2026-01-12T00:21:45","guid":{"rendered":"https:\/\/strade.fit.vutbr.cz\/?p=1306"},"modified":"2026-01-12T01:22:51","modified_gmt":"2026-01-12T00:22:51","slug":"cena-ministra-vnitra-za-mimoradne-vysledky-v-oblasti-bezpecnostniho-vyzkumu-za-rok-2025","status":"publish","type":"post","link":"https:\/\/strade.fit.vutbr.cz\/cs\/2026\/01\/12\/cena-ministra-vnitra-za-mimoradne-vysledky-v-oblasti-bezpecnostniho-vyzkumu-za-rok-2025\/","title":{"rendered":"Cena ministra vnitra za mimo\u0159\u00e1dn\u00e9 v\u00fdsledky v oblasti bezpe\u010dnostn\u00edho v\u00fdzkumu za rok 2025"},"content":{"rendered":"\n<p class=\"text-justify\">Projekt realizovan\u00fd na na\u0161\u00ed fakult\u011b ve spolupr\u00e1ci s FEL \u010cVUT z\u00edskal na konci lo\u0148sk\u00e9ho roku ocen\u011bn\u00ed za mimo\u0159\u00e1dn\u00e9 v\u00fdsledky v oblasti bezpe\u010dnostn\u00edho v\u00fdzkumu. <a href=\"https:\/\/www.fit.vut.cz\/research\/project\/c33357\/.cs\"><strong>Sada forenzn\u00edch analytick\u00fdch n\u00e1stroj\u016f ke zpracov\u00e1n\u00ed obrazu a videa pro slu\u017ebu krimin\u00e1ln\u00ed policie a vy\u0161et\u0159ov\u00e1n\u00ed<\/strong><\/a>, jeho\u017e hlavn\u00edm \u0159e\u0161itelem je <strong>Ing.<\/strong> <strong>Jan Pluskal, Ph.D.<\/strong> z v\u00fdzkumn\u00e9 skupiny <a href=\"https:\/\/www.fit.vut.cz\/research\/group\/nes@fit\/.cs\">NES@FIT<\/a>. Projekt realizuje v\u00fdvoj <strong>sady forenzn\u00edch analytick\u00fdch n\u00e1stroj\u016f pro zpracov\u00e1n\u00ed obrazu a videa<\/strong>, kter\u00e9 jsou ur\u010deny pro slu\u017ebu krimin\u00e1ln\u00ed policie a vy\u0161et\u0159ov\u00e1n\u00ed. <\/p>\n\n\n\n<p class=\"text-justify\">V\u00fdstupem projektu je mimo jin\u00e9 software umo\u017e\u0148uj\u00edc\u00ed v\u00fdrazn\u00e9 urychlen\u00ed vy\u0161et\u0159ov\u00e1n\u00ed z\u00e1va\u017en\u00e9 mravnostn\u00ed trestn\u00e9 \u010dinnosti. V\u00fdznamn\u00fdm p\u0159\u00ednosem, kter\u00fd zohlednila i porota sout\u011b\u017ee, je okam\u017eit\u00e1 aplikovatelnost vyv\u00edjen\u00fdch \u0159e\u0161en\u00ed.<\/p>\n\n\n\n<p class=\"text-justify\">V r\u00e1mci t\u00fdmu STRADE se \u010dlenov\u00e9 Tom\u00e1\u0161 Goldmann a Samuel \u0160im\u00fan pod\u00edleli na v\u00fdvoji kl\u00ed\u010dov\u00fdch algoritm\u016f pro po\u010d\u00edta\u010dov\u00e9 vid\u011bn\u00ed s d\u016frazem na rychl\u00e9 zpracov\u00e1n\u00ed velk\u00e9ho mno\u017estv\u00ed obrazov\u00fdch dat. Spole\u010dn\u011b s dal\u0161\u00edmi t\u00fdmy (z FIT VUT a FEL \u010cVUT) jsme tak vytvo\u0159ili prakticky nasaditeln\u00e9 \u0159e\u0161en\u00ed, kter\u00e9 je pilotn\u011b testov\u00e1no na pracovi\u0161ti Policie \u010cesk\u00e9 republiky, Krajsk\u00e9ho \u0159editelstv\u00ed hlavn\u00edho m\u011bsta Prahy. Z\u00edskan\u00e9 zku\u0161enosti a know-how m\u016f\u017eeme uplatnit i v n\u00e1sleduj\u00edc\u00edch projektech.<\/p>\n\n\n\n<p class=\"text-justify\">V\u00edce informac\u00ed o ocen\u011bn\u00ed a zapojen\u00ed jednotliv\u00fdch t\u00fdmu najdete na aktualit\u011b VUT a na <a href=\"https:\/\/mv.gov.cz\/vyzkum\/clanek\/a-vitezem-se-stal.aspx\">str\u00e1nk\u00e1ch ministerstva vnitra<\/a>  <\/p>\n\n\n\n<figure class=\"wp-block-image size-large\"><img loading=\"lazy\" decoding=\"async\" width=\"1024\" height=\"528\" src=\"https:\/\/strade.fit.vutbr.cz\/wp-content\/uploads\/2026\/01\/facis_team-1024x528.png\" alt=\"\" class=\"wp-image-1308\" srcset=\"https:\/\/strade.fit.vutbr.cz\/wp-content\/uploads\/2026\/01\/facis_team-1024x528.png 1024w, https:\/\/strade.fit.vutbr.cz\/wp-content\/uploads\/2026\/01\/facis_team-300x155.png 300w, https:\/\/strade.fit.vutbr.cz\/wp-content\/uploads\/2026\/01\/facis_team-768x396.png 768w, https:\/\/strade.fit.vutbr.cz\/wp-content\/uploads\/2026\/01\/facis_team-18x9.png 18w, https:\/\/strade.fit.vutbr.cz\/wp-content\/uploads\/2026\/01\/facis_team.png 1079w\" sizes=\"auto, (max-width: 1024px) 100vw, 1024px\" \/><\/figure>\n\n\n\n<hr class=\"wp-block-separator has-alpha-channel-opacity\"\/>\n\n\n\n<figure class=\"wp-block-image size-large\"><img loading=\"lazy\" decoding=\"async\" width=\"1024\" height=\"576\" src=\"https:\/\/strade.fit.vutbr.cz\/wp-content\/uploads\/2026\/01\/strade_facis-1024x576.jpg\" alt=\"\" class=\"wp-image-1313\" srcset=\"https:\/\/strade.fit.vutbr.cz\/wp-content\/uploads\/2026\/01\/strade_facis-1024x576.jpg 1024w, https:\/\/strade.fit.vutbr.cz\/wp-content\/uploads\/2026\/01\/strade_facis-300x169.jpg 300w, https:\/\/strade.fit.vutbr.cz\/wp-content\/uploads\/2026\/01\/strade_facis-768x432.jpg 768w, https:\/\/strade.fit.vutbr.cz\/wp-content\/uploads\/2026\/01\/strade_facis-1536x864.jpg 1536w, https:\/\/strade.fit.vutbr.cz\/wp-content\/uploads\/2026\/01\/strade_facis-2048x1152.jpg 2048w, https:\/\/strade.fit.vutbr.cz\/wp-content\/uploads\/2026\/01\/strade_facis-18x10.jpg 18w\" sizes=\"auto, (max-width: 1024px) 100vw, 1024px\" \/><\/figure>\n\n\n\n<p>Jm\u00e9nem vedouc\u00edho skupiny STRADE bych t\u00edmto cht\u011bl pod\u011bkovat v\u0161em sou\u010dasn\u00fdm i b\u00fdval\u00fdm \u010dlen\u016fm t\u00fdmu, kte\u0159\u00ed se pozitivn\u011b pod\u00edleli na v\u00fdvoji a realizaci tohoto projektu.<\/p>\n\n\n\n<p><\/p>\n","protected":false},"excerpt":{"rendered":"<p>Projekt realizovan\u00fd na na\u0161\u00ed fakult\u011b ve spolupr\u00e1ci s FEL \u010cVUT z\u00edskal na konci lo\u0148sk\u00e9ho roku ocen\u011bn\u00ed za mimo\u0159\u00e1dn\u00e9 v\u00fdsledky v oblasti bezpe\u010dnostn\u00edho v\u00fdzkumu. Sada forenzn\u00edch analytick\u00fdch n\u00e1stroj\u016f ke zpracov\u00e1n\u00ed obrazu a videa pro slu\u017ebu krimin\u00e1ln\u00ed policie a vy\u0161et\u0159ov\u00e1n\u00ed, jeho\u017e hlavn\u00edm \u0159e\u0161itelem je Ing. Jan Pluskal, Ph.D. z v\u00fdzkumn\u00e9 skupiny NES@FIT. [&hellip;]<\/p>\n","protected":false},"author":3,"featured_media":1308,"comment_status":"closed","ping_status":"closed","sticky":false,"template":"","format":"standard","meta":{"ub_ctt_via":"","footnotes":""},"categories":[1],"tags":[],"class_list":["post-1306","post","type-post","status-publish","format-standard","has-post-thumbnail","hentry","category-strade"],"featured_image_src":"https:\/\/strade.fit.vutbr.cz\/wp-content\/uploads\/2026\/01\/facis_team.png","author_info":{"display_name":"igoldmann","author_link":"https:\/\/strade.fit.vutbr.cz\/index.php\/author\/igoldmann\/"},"_links":{"self":[{"href":"https:\/\/strade.fit.vutbr.cz\/index.php\/wp-json\/wp\/v2\/posts\/1306","targetHints":{"allow":["GET"]}}],"collection":[{"href":"https:\/\/strade.fit.vutbr.cz\/index.php\/wp-json\/wp\/v2\/posts"}],"about":[{"href":"https:\/\/strade.fit.vutbr.cz\/index.php\/wp-json\/wp\/v2\/types\/post"}],"author":[{"embeddable":true,"href":"https:\/\/strade.fit.vutbr.cz\/index.php\/wp-json\/wp\/v2\/users\/3"}],"replies":[{"embeddable":true,"href":"https:\/\/strade.fit.vutbr.cz\/index.php\/wp-json\/wp\/v2\/comments?post=1306"}],"version-history":[{"count":6,"href":"https:\/\/strade.fit.vutbr.cz\/index.php\/wp-json\/wp\/v2\/posts\/1306\/revisions"}],"predecessor-version":[{"id":1316,"href":"https:\/\/strade.fit.vutbr.cz\/index.php\/wp-json\/wp\/v2\/posts\/1306\/revisions\/1316"}],"wp:featuredmedia":[{"embeddable":true,"href":"https:\/\/strade.fit.vutbr.cz\/index.php\/wp-json\/wp\/v2\/media\/1308"}],"wp:attachment":[{"href":"https:\/\/strade.fit.vutbr.cz\/index.php\/wp-json\/wp\/v2\/media?parent=1306"}],"wp:term":[{"taxonomy":"category","embeddable":true,"href":"https:\/\/strade.fit.vutbr.cz\/index.php\/wp-json\/wp\/v2\/categories?post=1306"},{"taxonomy":"post_tag","embeddable":true,"href":"https:\/\/strade.fit.vutbr.cz\/index.php\/wp-json\/wp\/v2\/tags?post=1306"}],"curies":[{"name":"wp","href":"https:\/\/api.w.org\/{rel}","templated":true}]}}